{"id":124,"date":"2017-03-28T13:18:57","date_gmt":"2017-03-28T13:18:57","guid":{"rendered":"http:\/\/www.kocaelidavetiye.net\/?p=124"},"modified":"2017-03-28T13:18:57","modified_gmt":"2017-03-28T13:18:57","slug":"istanbul-fatih-adresinde-subemiz-acildi","status":"publish","type":"post","link":"https:\/\/www.kocaelidavetiye.net\/?p=124","title":{"rendered":"\u0130stanbul Fatih Adresinde \u015eubemiz A\u00e7\u0131ld\u0131"},"content":{"rendered":"<p><strong>\u0130stanbul Fatih Adresinde \u015eubemiz A\u00e7\u0131ld\u0131<\/strong><\/p>\n<p>Ni\u015fan, d\u00fc\u011f\u00fcn ve s\u00fcnnet gibi en \u00f6zel g\u00fcnlerinizin habercisi birbirinden \u015f\u0131k, g\u00fczel, g\u00fcncel ve pop\u00fcler davetiyelerimizle sizleri yeni bir adreste bulu\u015fturmaya devam ediyoruz. Fevzipa\u015fa caddesinde a\u00e7\u0131lan yeni \u015fubemizle birbirinden farkl\u0131 bir\u00e7ok tasar\u0131mla sizlere hizmet vermeye devam ediyoruz.<\/p>\n<p>Kristal davetiyelerimizden konsept davetiyelerimize, polen nat\u00fcrel davetiyelerimizden erdem l\u00fcks davetiyelerimize y\u00fczlerce \u00e7e\u015fit ve renk se\u00e7ene\u011fiyle duygular\u0131n\u0131za terc\u00fcman olacak, sizin tercih edece\u011finiz en \u00f6zel ve birbirinden g\u00fczel i\u00e7eriklerle davetlilerinize d\u00fc\u011f\u00fcn, ni\u015fan ve s\u00fcnnet t\u00f6renleriniz \u00f6ncesi konuklar\u0131n\u0131za zarif bir davet g\u00f6nderebilir, organizasyonunuzdan \u00f6nce onlar\u0131 bu \u015fekilde etkileyebilirsiniz.<\/p>\n<p><strong>T\u00fcrkiye\u00a0Davetiye&#8217;den Herkese Y\u00f6nelik Tasar\u0131mlar<\/strong><\/p>\n<p>Her zevke uygun, herkesin cebine uyum sa\u011flayabilecek fiyatlar\u0131m\u0131zla tan\u0131\u015fmak ve davetiye konusunda en iddial\u0131 oldu\u011fumuz se\u00e7eneklerimize g\u00f6z atmak i\u00e7in sizleri, belki size daha da yakla\u015ft\u0131\u011f\u0131m\u0131z yeni a\u00e7\u0131lan \u015fubemiz olan Fatih \u015fubemize bekliyoruz.<\/p>\n<p>Davetiyenizi bir a\u011f\u0131t par\u00e7as\u0131ndan ileri ta\u015f\u0131yacak farkl\u0131 bask\u0131lar ve kaliteli malzemeler sayesinde \u00f6zel g\u00fcnlerinizin \u00f6zelli\u011fini davetlilerinize de hissettirmi\u015f olacaks\u0131n\u0131z.<\/p>\n<p><strong>Bursa\u2019dan sonra \u0130stanbul\u2019da da Sizlerleyiz<\/strong><\/p>\n<p>Sizlere daha da yakla\u015ft\u0131\u011f\u0131m\u0131z yeni \u015fubemiz Fatih \u015fubemize gelerek kataloglar\u0131m\u0131z\u0131 inceledikten sonra size en uygun davetiyeyi se\u00e7erek, grafikerlerimiz taraf\u0131ndan somut olarak bas\u0131l\u0131p elinize verildi\u011finde be\u011fenir ve arad\u0131\u011f\u0131m davetiye bu derseniz sipari\u015finizi al\u0131p istedi\u011finiz tarihte davetiyelerinizi hi\u00e7bir s\u0131k\u0131nt\u0131 ya\u015famadan, g\u00f6z\u00fcn\u00fcz arkadan kalmadan davetiyelerinizi teslim alabilirsiniz. \u0130sterseniz elden isterseniz de gayet h\u0131zl\u0131 ve g\u00fcvenilir bir \u015fekilde evinize kadar gelecek \u015fekilde planlar\u0131n\u0131zda bir aksakl\u0131\u011fa mahal vermeyecek \u015fekilde davetiyelerinizi alabilirsiniz.<\/p>\n","protected":false},"excerpt":{"rendered":"<p>\u0130stanbul Fatih Adresinde \u015eubemiz A\u00e7\u0131ld\u0131 Ni\u015fan, d\u00fc\u011f\u00fcn ve s\u00fcnnet gibi en \u00f6zel g\u00fcnlerinizin habercisi birbirinden \u015f\u0131k, g\u00fczel, g\u00fcncel ve pop\u00fcler davetiyelerimizle sizleri yeni bir adreste bulu\u015fturmaya devam ediyoruz. Fevzipa\u015fa caddesinde a\u00e7\u0131lan yeni \u015fubemizle birbirinden farkl\u0131 bir\u00e7ok tasar\u0131mla sizlere hizmet vermeye devam ediyoruz. Kristal davetiyelerimizden konsept davetiyelerimize, polen nat\u00fcrel davetiyelerimizden erdem l\u00fcks davetiyelerimize y\u00fczlerce \u00e7e\u015fit ve &#8230;<a class=\"post-readmore\" href=\"https:\/\/www.kocaelidavetiye.net\/?p=124\">read more<\/a><\/p>\n","protected":false},"author":1,"featured_media":0,"comment_status":"open","ping_status":"open","sticky":false,"template":"","format":"standard","meta":{"footnotes":""},"categories":[1],"tags":[],"class_list":["post-124","post","type-post","status-publish","format-standard","hentry","category-uncategorized"],"_links":{"self":[{"href":"https:\/\/www.kocaelidavetiye.net\/index.php?rest_route=\/wp\/v2\/posts\/124","targetHints":{"allow":["GET"]}}],"collection":[{"href":"https:\/\/www.kocaelidavetiye.net\/index.php?rest_route=\/wp\/v2\/posts"}],"about":[{"href":"https:\/\/www.kocaelidavetiye.net\/index.php?rest_route=\/wp\/v2\/types\/post"}],"author":[{"embeddable":true,"href":"https:\/\/www.kocaelidavetiye.net\/index.php?rest_route=\/wp\/v2\/users\/1"}],"replies":[{"embeddable":true,"href":"https:\/\/www.kocaelidavetiye.net\/index.php?rest_route=%2Fwp%2Fv2%2Fcomments&post=124"}],"version-history":[{"count":0,"href":"https:\/\/www.kocaelidavetiye.net\/index.php?rest_route=\/wp\/v2\/posts\/124\/revisions"}],"wp:attachment":[{"href":"https:\/\/www.kocaelidavetiye.net\/index.php?rest_route=%2Fwp%2Fv2%2Fmedia&parent=124"}],"wp:term":[{"taxonomy":"category","embeddable":true,"href":"https:\/\/www.kocaelidavetiye.net\/index.php?rest_route=%2Fwp%2Fv2%2Fcategories&post=124"},{"taxonomy":"post_tag","embeddable":true,"href":"https:\/\/www.kocaelidavetiye.net\/index.php?rest_route=%2Fwp%2Fv2%2Ftags&post=124"}],"curies":[{"name":"wp","href":"https:\/\/api.w.org\/{rel}","templated":true}]}}